{"id":10204,"date":"2024-05-24T16:58:03","date_gmt":"2024-05-24T14:58:03","guid":{"rendered":"https:\/\/vinab.se\/2024\/05\/24\/vinab-welcomes-sandra-sjoholm-as-new-ceo\/"},"modified":"2024-11-06T09:29:33","modified_gmt":"2024-11-06T08:29:33","slug":"vinab-welcomes-sandra-sjoholm-as-new-ceo","status":"publish","type":"post","link":"https:\/\/vinab.se\/en\/2024\/05\/24\/vinab-welcomes-sandra-sjoholm-as-new-ceo\/","title":{"rendered":"VINAB welcomes Sandra Sj\u00f6holm as new CEO"},"content":{"rendered":"\n<h2 class=\"wp-block-heading\">Welcome Sandra Sj\u00f6holm<\/h2>\n\n<p>Sandra joins us from Ramirent, where she has worked as Regional Manager for Region North. During her nine years at Ramirent, she has held various roles and gained extensive experience. Prior to that, Sandra has also worked at IKEA and in industry.  <\/p>\n\n<figure class=\"wp-block-gallery has-nested-images columns-default is-cropped wp-block-gallery-1 is-layout-flex wp-block-gallery-is-layout-flex\">\n<figure class=\"wp-block-image size-full\"><img fetchpriority=\"high\" decoding=\"async\" width=\"1024\" height=\"828\" data-id=\"7585\" src=\"https:\/\/vinab.se\/wp-content\/uploads\/2024\/02\/vinab-badge-1024x828-1.jpg\" alt=\"\" class=\"wp-image-7585\" srcset=\"https:\/\/vinab.se\/wp-content\/uploads\/2024\/02\/vinab-badge-1024x828-1.jpg 1024w, https:\/\/vinab.se\/wp-content\/uploads\/2024\/02\/vinab-badge-1024x828-1-300x243.jpg 300w, https:\/\/vinab.se\/wp-content\/uploads\/2024\/02\/vinab-badge-1024x828-1-768x621.jpg 768w\" sizes=\"(max-width: 1024px) 100vw, 1024px\" \/><\/figure>\n\n\n\n<figure class=\"wp-block-image size-full\"><img decoding=\"async\" width=\"2000\" height=\"1499\" data-id=\"2765\" src=\"https:\/\/vinab.se\/wp-content\/uploads\/2023\/03\/aerial-view-of-the-winter-snow-forest-and-frozen-lake-from-above-captured-with-a-drone-in-finland-.jpg\" alt=\"\" class=\"wp-image-2765\" srcset=\"https:\/\/vinab.se\/wp-content\/uploads\/2023\/03\/aerial-view-of-the-winter-snow-forest-and-frozen-lake-from-above-captured-with-a-drone-in-finland-.jpg 2000w, https:\/\/vinab.se\/wp-content\/uploads\/2023\/03\/aerial-view-of-the-winter-snow-forest-and-frozen-lake-from-above-captured-with-a-drone-in-finland--300x225.jpg 300w, https:\/\/vinab.se\/wp-content\/uploads\/2023\/03\/aerial-view-of-the-winter-snow-forest-and-frozen-lake-from-above-captured-with-a-drone-in-finland--1024x767.jpg 1024w, https:\/\/vinab.se\/wp-content\/uploads\/2023\/03\/aerial-view-of-the-winter-snow-forest-and-frozen-lake-from-above-captured-with-a-drone-in-finland--768x576.jpg 768w, https:\/\/vinab.se\/wp-content\/uploads\/2023\/03\/aerial-view-of-the-winter-snow-forest-and-frozen-lake-from-above-captured-with-a-drone-in-finland--1536x1151.jpg 1536w\" sizes=\"(max-width: 2000px) 100vw, 2000px\" \/><\/figure>\n\n\n\n<figure class=\"wp-block-image size-full\"><img decoding=\"async\" width=\"1463\" height=\"1984\" data-id=\"8085\" src=\"https:\/\/vinab.se\/wp-content\/uploads\/2024\/05\/cu-e527c1d2-8d08-4c35-b066-650232ccdff9_jpg.jpg\" alt=\"\" class=\"wp-image-8085\" srcset=\"https:\/\/vinab.se\/wp-content\/uploads\/2024\/05\/cu-e527c1d2-8d08-4c35-b066-650232ccdff9_jpg.jpg 1463w, https:\/\/vinab.se\/wp-content\/uploads\/2024\/05\/cu-e527c1d2-8d08-4c35-b066-650232ccdff9_jpg-221x300.jpg 221w, https:\/\/vinab.se\/wp-content\/uploads\/2024\/05\/cu-e527c1d2-8d08-4c35-b066-650232ccdff9_jpg-755x1024.jpg 755w, https:\/\/vinab.se\/wp-content\/uploads\/2024\/05\/cu-e527c1d2-8d08-4c35-b066-650232ccdff9_jpg-768x1041.jpg 768w, https:\/\/vinab.se\/wp-content\/uploads\/2024\/05\/cu-e527c1d2-8d08-4c35-b066-650232ccdff9_jpg-1133x1536.jpg 1133w\" sizes=\"(max-width: 1463px) 100vw, 1463px\" \/><\/figure>\n<\/figure>\n\n<p>Olle Henriksson, Marketing and Sales Manager at VINAB, expresses his delight at having Sandra on board:  <\/p>\n\n<h4 class=\"wp-block-heading\"><em>&#8220;It feels good that Sandra is in place and she will lead us towards new goals.&#8221;  <\/em><br\/><br\/><\/h4>\n\n<p>Olle adds that in the short and long term, Sandra will contribute with new thoughts and ideas to enable VINAB to continue to grow and develop and take the next step in our growth journey as a strong overall partner.<\/p>\n\n<figure class=\"wp-block-pullquote has-white-color has-vivid-cyan-blue-background-color has-text-color has-background\"><blockquote><p><em>&#8220;VINAB&#8217;s corporate culture and values, as well as the impressive journey the company has made, attracted me to accept the position<\/em>.&#8221;<\/p><cite>&#8211; says Sandra Sj\u00f6holm, CEO of VINAB<\/cite><\/blockquote><\/figure>\n\n<p><\/p>\n\n<p>Sandra takes over the CEO role in a company with a strong and inspiring history, founded by Olle and Agneta Henriksson in 2006. &#8220;Thinking about the future feels incredibly exciting,&#8221; she adds. <\/p>\n","protected":false},"excerpt":{"rendered":"<p>We are pleased to welcome Sandra Sj\u00f6holm as the new CEO of VINAB as of May 20. Sandra is currently based in G\u00e4vle but will be moving up to Lule\u00e5 shortly.<\/p>\n","protected":false},"author":1,"featured_media":10027,"comment_status":"closed","ping_status":"closed","sticky":false,"template":"","format":"standard","meta":{"_acf_changed":false,"footnotes":""},"categories":[43],"tags":[],"class_list":["post-10204","post","type-post","status-publish","format-standard","has-post-thumbnail","hentry","category-news"],"acf":[],"_links":{"self":[{"href":"https:\/\/vinab.se\/en\/wp-json\/wp\/v2\/posts\/10204","targetHints":{"allow":["GET"]}}],"collection":[{"href":"https:\/\/vinab.se\/en\/wp-json\/wp\/v2\/posts"}],"about":[{"href":"https:\/\/vinab.se\/en\/wp-json\/wp\/v2\/types\/post"}],"author":[{"embeddable":true,"href":"https:\/\/vinab.se\/en\/wp-json\/wp\/v2\/users\/1"}],"replies":[{"embeddable":true,"href":"https:\/\/vinab.se\/en\/wp-json\/wp\/v2\/comments?post=10204"}],"version-history":[{"count":2,"href":"https:\/\/vinab.se\/en\/wp-json\/wp\/v2\/posts\/10204\/revisions"}],"predecessor-version":[{"id":10207,"href":"https:\/\/vinab.se\/en\/wp-json\/wp\/v2\/posts\/10204\/revisions\/10207"}],"wp:featuredmedia":[{"embeddable":true,"href":"https:\/\/vinab.se\/en\/wp-json\/wp\/v2\/media\/10027"}],"wp:attachment":[{"href":"https:\/\/vinab.se\/en\/wp-json\/wp\/v2\/media?parent=10204"}],"wp:term":[{"taxonomy":"category","embeddable":true,"href":"https:\/\/vinab.se\/en\/wp-json\/wp\/v2\/categories?post=10204"},{"taxonomy":"post_tag","embeddable":true,"href":"https:\/\/vinab.se\/en\/wp-json\/wp\/v2\/tags?post=10204"}],"curies":[{"name":"wp","href":"https:\/\/api.w.org\/{rel}","templated":true}]}}